{"id":510,"date":"2014-06-16T10:46:41","date_gmt":"2014-06-16T10:46:41","guid":{"rendered":"http:\/\/wordpress.educom.pt\/TIC-Portugal-14\/?p=510"},"modified":"2014-06-19T14:36:26","modified_gmt":"2014-06-19T14:36:26","slug":"inscricoes-e-submissao-de-comunicacao-prazo-alargado-monte-de-caparica-e-faro","status":"publish","type":"post","link":"https:\/\/wordpress.educom.pt\/TIC-Portugal-14\/?p=510","title":{"rendered":"Inscri\u00e7\u00f5es e submiss\u00e3o de comunica\u00e7\u00e3o (prazo alargado) &#8211; Monte de Caparica e Faro"},"content":{"rendered":"<p>Informamos todos os educadores e professores que o prazo das inscri\u00e7\u00f5es para o TIC@Portugal&#8217;14 foi alargado, at\u00e9 dia 22 de junho \u00e0s 24.00.<\/p>\n<p>N\u00e3o se esque\u00e7a de submeter a sua comunica\u00e7\u00e3o. Poder\u00e1 faz\u00ea-lo at\u00e9 dia 22 de junho.<img decoding=\"async\" loading=\"lazy\" src=\"https:\/\/ci3.googleusercontent.com\/proxy\/Yh2ggrHmtpr5JoEWKZZhdhrRNgbqj-Y9l_O1WYkjhwuuxkuY8yWSfJrQ6NEySsRlf7HqKhwzHV_kevEPyF5FYn1QgibCzF540cXpshzGWZIxKzRLT9gX3dYEdxjdCSM4z9SNrXaMMm3idBj8ZlM9Eidgy9e6C_KNVyB6xw=s0-d-e1-ft#http:\/\/gallery.mailchimp.com\/02337f276cbcb08310c078733\/images\/30a6727c-9495-400a-85b5-1e1e93b0ba3e.jpg\" alt=\"\" width=\"50\" height=\"35\" align=\"none\" \/><\/p>\n<ul>\n<li>1\u00aa fase de Inscri\u00e7\u00f5es:\u00a0<strong style=\"font-weight: bold;\">at\u00e9 22 de junho de 2014\u00a0<\/strong>\u2013 10\u20ac (Mas GRATUITO para os associados EDUCOM e\/ou para quem apresentar comunica\u00e7\u00e3o)<img decoding=\"async\" loading=\"lazy\" src=\"https:\/\/ci3.googleusercontent.com\/proxy\/Yh2ggrHmtpr5JoEWKZZhdhrRNgbqj-Y9l_O1WYkjhwuuxkuY8yWSfJrQ6NEySsRlf7HqKhwzHV_kevEPyF5FYn1QgibCzF540cXpshzGWZIxKzRLT9gX3dYEdxjdCSM4z9SNrXaMMm3idBj8ZlM9Eidgy9e6C_KNVyB6xw=s0-d-e1-ft#http:\/\/gallery.mailchimp.com\/02337f276cbcb08310c078733\/images\/30a6727c-9495-400a-85b5-1e1e93b0ba3e.jpg\" alt=\"\" width=\"50\" height=\"35\" align=\"none\" \/><\/li>\n<li>2\u00aa fase de Inscri\u00e7\u00f5es: de 23 de junho a 30 de junho de 2014 \u2013 20\u20ac<\/li>\n<\/ul>\n","protected":false},"excerpt":{"rendered":"<p>Informamos todos os educadores e professores que o prazo das inscri\u00e7\u00f5es para o TIC@Portugal&#8217;14 foi alargado, at\u00e9 dia 22 de junho \u00e0s 24.00. N\u00e3o se esque\u00e7a de submeter a sua comunica\u00e7\u00e3o. Poder\u00e1 faz\u00ea-lo at\u00e9 dia 22 de junho. 1\u00aa fase de Inscri\u00e7\u00f5es:\u00a0at\u00e9 22 de junho de 2014\u00a0\u2013 10\u20ac (Mas GRATUITO para os associados EDUCOM e\/ou [&hellip;]<\/p>\n","protected":false},"author":6,"featured_media":0,"comment_status":"closed","ping_status":"open","sticky":false,"template":"","format":"standard","meta":[],"categories":[1],"tags":[],"_links":{"self":[{"href":"https:\/\/wordpress.educom.pt\/TIC-Portugal-14\/index.php?rest_route=\/wp\/v2\/posts\/510"}],"collection":[{"href":"https:\/\/wordpress.educom.pt\/TIC-Portugal-14\/index.php?rest_route=\/wp\/v2\/posts"}],"about":[{"href":"https:\/\/wordpress.educom.pt\/TIC-Portugal-14\/index.php?rest_route=\/wp\/v2\/types\/post"}],"author":[{"embeddable":true,"href":"https:\/\/wordpress.educom.pt\/TIC-Portugal-14\/index.php?rest_route=\/wp\/v2\/users\/6"}],"replies":[{"embeddable":true,"href":"https:\/\/wordpress.educom.pt\/TIC-Portugal-14\/index.php?rest_route=%2Fwp%2Fv2%2Fcomments&post=510"}],"version-history":[{"count":8,"href":"https:\/\/wordpress.educom.pt\/TIC-Portugal-14\/index.php?rest_route=\/wp\/v2\/posts\/510\/revisions"}],"predecessor-version":[{"id":531,"href":"https:\/\/wordpress.educom.pt\/TIC-Portugal-14\/index.php?rest_route=\/wp\/v2\/posts\/510\/revisions\/531"}],"wp:attachment":[{"href":"https:\/\/wordpress.educom.pt\/TIC-Portugal-14\/index.php?rest_route=%2Fwp%2Fv2%2Fmedia&parent=510"}],"wp:term":[{"taxonomy":"category","embeddable":true,"href":"https:\/\/wordpress.educom.pt\/TIC-Portugal-14\/index.php?rest_route=%2Fwp%2Fv2%2Fcategories&post=510"},{"taxonomy":"post_tag","embeddable":true,"href":"https:\/\/wordpress.educom.pt\/TIC-Portugal-14\/index.php?rest_route=%2Fwp%2Fv2%2Ftags&post=510"}],"curies":[{"name":"wp","href":"https:\/\/api.w.org\/{rel}","templated":true}]}}