{"id":11459,"date":"2021-07-01T16:16:46","date_gmt":"2021-07-01T15:16:46","guid":{"rendered":"https:\/\/wordpress.educom.pt\/TIC-Portugal-21\/?p=11459"},"modified":"2021-07-01T17:59:39","modified_gmt":"2021-07-01T16:59:39","slug":"ticportugal21-conferencia-plenaria","status":"publish","type":"post","link":"https:\/\/wordpress.educom.pt\/TIC-Portugal-21\/2021\/07\/01\/ticportugal21-conferencia-plenaria\/","title":{"rendered":"TIC@Portugal&#8217;21 &#8211; Confer\u00eancia Plen\u00e1ria"},"content":{"rendered":"<p><a href=\"https:\/\/wordpress.educom.pt\/TIC-Portugal-21\/programa\/conferencia-plenaria-jose-vitor-pedroso\/\" target=\"_blank\" rel=\"noopener\"><img loading=\"lazy\" class=\"alignleft wp-image-11462 size-medium\" src=\"https:\/\/wordpress.educom.pt\/TIC-Portugal-21\/wp-content\/uploads\/2021\/07\/TIC@PT21_JVPedroso-300x300.png\" alt=\"\" width=\"300\" height=\"300\" srcset=\"https:\/\/wordpress.educom.pt\/TIC-Portugal-21\/wp-content\/uploads\/2021\/07\/TIC@PT21_JVPedroso-300x300.png 300w, https:\/\/wordpress.educom.pt\/TIC-Portugal-21\/wp-content\/uploads\/2021\/07\/TIC@PT21_JVPedroso-1024x1024.png 1024w, https:\/\/wordpress.educom.pt\/TIC-Portugal-21\/wp-content\/uploads\/2021\/07\/TIC@PT21_JVPedroso-150x150.png 150w, https:\/\/wordpress.educom.pt\/TIC-Portugal-21\/wp-content\/uploads\/2021\/07\/TIC@PT21_JVPedroso-768x768.png 768w, https:\/\/wordpress.educom.pt\/TIC-Portugal-21\/wp-content\/uploads\/2021\/07\/TIC@PT21_JVPedroso.png 1080w\" sizes=\"(max-width: 300px) 100vw, 300px\" \/><\/a><\/p>\n<p>\u00c9 j\u00e1 no pr\u00f3ximo dia 16 de julho que decorrer\u00e1 o <a href=\"https:\/\/wordpress.educom.pt\/TIC-Portugal-21\/\" target=\"_blank\" rel=\"noopener\">TIC@Portugal&#8217;21<\/a>.<\/p>\n<p>A confer\u00eancia plen\u00e1ria ser\u00e1 desenvolvida pelo Sr. Diretor-Geral da Dire\u00e7\u00e3o-Geral da Educa\u00e7\u00e3o, Dr. Jos\u00e9 V\u00edtor Pedroso, e ser\u00e1 dedicada ao Plano de Transi\u00e7\u00e3o Digital (PTD). Com in\u00edcio previsto para as 10h, ser\u00e3o abordadas as iniciativas em desenvolvimento e perspetivas futuras no \u00e2mbito do PTD e no final da sess\u00e3o haver\u00e1 lugar ao debate e esclarecimento de d\u00favidas.<\/p>\n","protected":false},"excerpt":{"rendered":"<p>\u00c9 j\u00e1 no pr\u00f3ximo dia 16 de julho que decorrer\u00e1 o TIC@Portugal&#8217;21. A confer\u00eancia plen\u00e1ria ser\u00e1 desenvolvida pelo Sr. Diretor-Geral da Dire\u00e7\u00e3o-Geral da Educa\u00e7\u00e3o, Dr.&hellip;<\/p>\n","protected":false},"author":9,"featured_media":0,"comment_status":"open","ping_status":"closed","sticky":false,"template":"","format":"standard","meta":[],"categories":[2],"tags":[],"_links":{"self":[{"href":"https:\/\/wordpress.educom.pt\/TIC-Portugal-21\/wp-json\/wp\/v2\/posts\/11459"}],"collection":[{"href":"https:\/\/wordpress.educom.pt\/TIC-Portugal-21\/wp-json\/wp\/v2\/posts"}],"about":[{"href":"https:\/\/wordpress.educom.pt\/TIC-Portugal-21\/wp-json\/wp\/v2\/types\/post"}],"author":[{"embeddable":true,"href":"https:\/\/wordpress.educom.pt\/TIC-Portugal-21\/wp-json\/wp\/v2\/users\/9"}],"replies":[{"embeddable":true,"href":"https:\/\/wordpress.educom.pt\/TIC-Portugal-21\/wp-json\/wp\/v2\/comments?post=11459"}],"version-history":[{"count":5,"href":"https:\/\/wordpress.educom.pt\/TIC-Portugal-21\/wp-json\/wp\/v2\/posts\/11459\/revisions"}],"predecessor-version":[{"id":11472,"href":"https:\/\/wordpress.educom.pt\/TIC-Portugal-21\/wp-json\/wp\/v2\/posts\/11459\/revisions\/11472"}],"wp:attachment":[{"href":"https:\/\/wordpress.educom.pt\/TIC-Portugal-21\/wp-json\/wp\/v2\/media?parent=11459"}],"wp:term":[{"taxonomy":"category","embeddable":true,"href":"https:\/\/wordpress.educom.pt\/TIC-Portugal-21\/wp-json\/wp\/v2\/categories?post=11459"},{"taxonomy":"post_tag","embeddable":true,"href":"https:\/\/wordpress.educom.pt\/TIC-Portugal-21\/wp-json\/wp\/v2\/tags?post=11459"}],"curies":[{"name":"wp","href":"https:\/\/api.w.org\/{rel}","templated":true}]}}